{"id":789,"date":"2025-01-21T10:56:02","date_gmt":"2025-01-21T13:56:02","guid":{"rendered":"https:\/\/mobinc.com.br\/blog\/?p=789"},"modified":"2025-01-21T10:56:02","modified_gmt":"2025-01-21T13:56:02","slug":"ansiedade","status":"publish","type":"post","link":"https:\/\/mobinc.com.br\/blog\/ansiedade\/","title":{"rendered":"Ansiedade \u00e9 a Palavra que Define o Brasil em 2024"},"content":{"rendered":"<blockquote><p><span style=\"font-weight: 400;\">Em um ano marcado por incertezas e desafios, a <\/span><strong>ansiedade<\/strong><span style=\"font-weight: 400;\"> foi eleita a palavra que melhor descreve o sentimento dos brasileiros em 2024. Essa foi a conclus\u00e3o da <\/span><strong>nona edi\u00e7\u00e3o da pesquisa realizada pela CAUSE<\/strong><span style=\"font-weight: 400;\">, em parceria com o <\/span><strong>Instituto de Pesquisa IDEIA<\/strong><span style=\"font-weight: 400;\"> e o <\/span><strong>PiniOn app<\/strong><span style=\"font-weight: 400;\">. O termo liderou a vota\u00e7\u00e3o com 22% dos votos, seguido por &#8220;Resili\u00eancia&#8221; (21%), &#8220;Intelig\u00eancia Artificial&#8221; e &#8220;Incerteza&#8221; (ambas com 20%) e, por fim, &#8220;Extremismo&#8221; (4%).<\/span><\/p>\n<p><span style=\"font-weight: 400;\">A escolha reflete n\u00e3o apenas o estado emocional da popula\u00e7\u00e3o, mas tamb\u00e9m destaca tend\u00eancias sociais e comportamentais que moldaram o ano. Este texto analisa os dados levantados, os fatores por tr\u00e1s da preval\u00eancia da ansiedade e o impacto dessa realidade na vida dos brasileiros.<\/span><\/p><\/blockquote>\n<h2><strong>A Pesquisa e Seus Dados<\/strong><\/h2>\n<p><span style=\"font-weight: 400;\">A pesquisa foi conduzida em duas etapas:<\/span><\/p>\n<ol>\n<li style=\"font-weight: 400;\" aria-level=\"1\"><strong>Sele\u00e7\u00e3o Inicial<\/strong><span style=\"font-weight: 400;\">:<\/span>\n<ul>\n<li style=\"font-weight: 400;\" aria-level=\"2\"><span style=\"font-weight: 400;\">Especialistas em comunica\u00e7\u00e3o e ci\u00eancias sociais selecionaram cinco palavras que capturam as caracter\u00edsticas mais marcantes de 2024.<\/span><\/li>\n<\/ul>\n<\/li>\n<li style=\"font-weight: 400;\" aria-level=\"1\"><strong>Consulta Popular<\/strong><span style=\"font-weight: 400;\">:<\/span>\n<ul>\n<li style=\"font-weight: 400;\" aria-level=\"2\"><span style=\"font-weight: 400;\">A partir de uma amostra de <\/span><strong>1.538 brasileiros<\/strong><span style=\"font-weight: 400;\">, representativa das cinco regi\u00f5es do pa\u00eds, as palavras foram submetidas \u00e0 vota\u00e7\u00e3o. Os dados utilizados para a sele\u00e7\u00e3o da amostra foram baseados no <\/span><strong>Censo 2022 do IBGE<\/strong><span style=\"font-weight: 400;\"> e na <\/span><strong>PNAD Cont\u00ednua de 2024<\/strong><span style=\"font-weight: 400;\">.<\/span><\/li>\n<\/ul>\n<\/li>\n<\/ol>\n<p><span style=\"font-weight: 400;\">A <\/span><strong>ansiedade<\/strong><span style=\"font-weight: 400;\"> destacou-se n\u00e3o apenas como uma palavra descritiva, mas como um reflexo da realidade emocional da popula\u00e7\u00e3o brasileira. Essa tend\u00eancia tamb\u00e9m \u00e9 evidenciada por dados do <\/span><a href=\"https:\/\/trends.google.com.br\/\" target=\"_blank\" rel=\"noopener\"><strong>Google Trends<\/strong><\/a><span style=\"font-weight: 400;\">, que apontam o Brasil como o <\/span><strong>segundo pa\u00eds no mundo que mais busca informa\u00e7\u00f5es sobre ansiedade na internet<\/strong><span style=\"font-weight: 400;\">.<\/span><\/p>\n<h2><strong>A Ansiedade no Cotidiano dos Brasileiros<\/strong><\/h2>\n<p><span style=\"font-weight: 400;\">De acordo com a <\/span><strong>Biblioteca Virtual em Sa\u00fade do Minist\u00e9rio da Sa\u00fade<\/strong><span style=\"font-weight: 400;\">, a ansiedade \u00e9 descrita como um sentimento de afli\u00e7\u00e3o e ang\u00fastia causado pela incerteza, intr\u00ednseco aos seres humanos. No entanto, dependendo de sua intensidade ou das circunst\u00e2ncias, pode se tornar patol\u00f3gica, gerando impactos significativos na sa\u00fade mental e f\u00edsica.<\/span><\/p>\n<h4><strong>Termos Mais Pesquisados no Brasil<\/strong><b>:<\/b><\/h4>\n<ul>\n<li style=\"font-weight: 400;\" aria-level=\"1\"><span style=\"font-weight: 400;\">\u201c<strong>Sintomas de ansiedade<\/strong>\u201d<\/span><\/li>\n<li style=\"font-weight: 400;\" aria-level=\"1\"><span style=\"font-weight: 400;\">\u201c<strong>Como lidar com a ansiedade<\/strong>\u201d<\/span><\/li>\n<\/ul>\n<p><span style=\"font-weight: 400;\">Essas buscas refletem uma preocupa\u00e7\u00e3o crescente com quest\u00f5es de sa\u00fade mental e uma tentativa de entender e gerenciar os efeitos da ansiedade no cotidiano.<\/span><\/p>\n<p><img fetchpriority=\"high\" decoding=\"async\" class=\"aligncenter size-full wp-image-792\" src=\"https:\/\/mobinc.com.br\/blog\/wp-content\/uploads\/2025\/01\/Ansiedade-3.webp\" alt=\"Pier vazio em foto anal\u00f3gica desbotada. representa o mundo interno gerado pela ansiedade.\" width=\"800\" height=\"532\" srcset=\"https:\/\/mobinc.com.br\/blog\/wp-content\/uploads\/2025\/01\/Ansiedade-3.webp 800w, https:\/\/mobinc.com.br\/blog\/wp-content\/uploads\/2025\/01\/Ansiedade-3-300x200.webp 300w, https:\/\/mobinc.com.br\/blog\/wp-content\/uploads\/2025\/01\/Ansiedade-3-768x511.webp 768w\" sizes=\"(max-width: 800px) 100vw, 800px\" \/><\/p>\n<h2><strong>Fatores Contribuintes para a Ansiedade em 2024<\/strong><\/h2>\n<p><span style=\"font-weight: 400;\">V\u00e1rios fatores podem ter contribu\u00eddo para que o termo se tornasse a palavra do ano:<\/span><\/p>\n<ol>\n<li style=\"font-weight: 400;\" aria-level=\"1\"><b>Incertezas Econ\u00f4micas<\/b><span style=\"font-weight: 400;\">:<\/span>\n<ul>\n<li style=\"font-weight: 400;\" aria-level=\"2\"><span style=\"font-weight: 400;\">O impacto cont\u00ednuo de crises econ\u00f4micas globais e locais, aliado \u00e0 instabilidade no mercado de trabalho, alimentou preocupa\u00e7\u00f5es financeiras.<\/span><\/li>\n<\/ul>\n<\/li>\n<li style=\"font-weight: 400;\" aria-level=\"1\"><b>Desafios Sociais<\/b><span style=\"font-weight: 400;\">:<\/span>\n<ul>\n<li style=\"font-weight: 400;\" aria-level=\"2\"><span style=\"font-weight: 400;\">A polariza\u00e7\u00e3o pol\u00edtica e o aumento do extremismo tamb\u00e9m foram apontados como fontes de estresse para muitos brasileiros.<\/span><\/li>\n<\/ul>\n<\/li>\n<li style=\"font-weight: 400;\" aria-level=\"1\"><b>Efeitos da Pandemia e P\u00f3s-Pandemia<\/b><span style=\"font-weight: 400;\">:<\/span>\n<ul>\n<li style=\"font-weight: 400;\" aria-level=\"2\"><span style=\"font-weight: 400;\">Embora o per\u00edodo mais cr\u00edtico da pandemia de COVID-19 tenha ficado para tr\u00e1s, seus efeitos prolongados ainda s\u00e3o sentidos, especialmente em termos de sa\u00fade mental.<\/span><\/li>\n<\/ul>\n<\/li>\n<li style=\"font-weight: 400;\" aria-level=\"1\"><b>A Era Digital e a Sobrecarga de Informa\u00e7\u00f5es<\/b><span style=\"font-weight: 400;\">:<\/span>\n<ul>\n<li style=\"font-weight: 400;\" aria-level=\"2\"><span style=\"font-weight: 400;\">A exposi\u00e7\u00e3o constante a not\u00edcias, redes sociais e incertezas tecnol\u00f3gicas, como o avan\u00e7o da <\/span><b>Intelig\u00eancia Artificial<\/b><span style=\"font-weight: 400;\">, contribuiu para aumentar os n\u00edveis de ansiedade.<\/span><\/li>\n<\/ul>\n<\/li>\n<\/ol>\n<h2><b>O Papel da Resili\u00eancia e Outras Palavras do Ano<\/b><\/h2>\n<p><span style=\"font-weight: 400;\">Embora a ansiedade tenha liderado, o segundo lugar da pesquisa foi ocupado pela <\/span><b>resili\u00eancia<\/b><span style=\"font-weight: 400;\"> (21%), sugerindo que muitos brasileiros tamb\u00e9m demonstraram capacidade de adapta\u00e7\u00e3o e supera\u00e7\u00e3o diante dos desafios. J\u00e1 a <\/span><b>Intelig\u00eancia Artificial<\/b><span style=\"font-weight: 400;\">, que dividiu espa\u00e7o com \u201cIncerteza\u201d na terceira posi\u00e7\u00e3o, reflete o impacto das inova\u00e7\u00f5es tecnol\u00f3gicas no cotidiano e na percep\u00e7\u00e3o do futuro.<\/span><\/p>\n<h2><strong>Dados que Refor\u00e7am a Tend\u00eancia<\/strong><\/h2>\n<p><span style=\"font-weight: 400;\">Os n\u00fameros refor\u00e7am a relev\u00e2ncia do termo no Brasil:<\/span><\/p>\n<ul>\n<li style=\"font-weight: 400;\" aria-level=\"1\"><b>Google Trends<\/b><span style=\"font-weight: 400;\">: Brasil ocupa a segunda posi\u00e7\u00e3o mundial em buscas relacionadas \u00e0 ansiedade.<\/span><\/li>\n<li style=\"font-weight: 400;\" aria-level=\"1\"><strong>Relat\u00f3rios de Sa\u00fade Mental<\/strong><span style=\"font-weight: 400;\">: O Brasil est\u00e1 entre os pa\u00edses com maior preval\u00eancia de transtornos de ansiedade, segundo a <\/span><strong>Organiza\u00e7\u00e3o Mundial da Sa\u00fade (OMS)<\/strong><span style=\"font-weight: 400;\">.<\/span><\/li>\n<\/ul>\n<p><span style=\"font-weight: 400;\">Esses dados destacam a necessidade de maior conscientiza\u00e7\u00e3o, acesso a recursos de sa\u00fade mental e pol\u00edticas p\u00fablicas que abordem os desafios emocionais enfrentados pela popula\u00e7\u00e3o.<\/span><\/p>\n<h2><img decoding=\"async\" class=\"aligncenter size-full wp-image-791\" src=\"https:\/\/mobinc.com.br\/blog\/wp-content\/uploads\/2025\/01\/Ansiedade-2.webp\" alt=\"homem sentado em estado de ansiedade.\" width=\"1024\" height=\"668\" srcset=\"https:\/\/mobinc.com.br\/blog\/wp-content\/uploads\/2025\/01\/Ansiedade-2.webp 1024w, https:\/\/mobinc.com.br\/blog\/wp-content\/uploads\/2025\/01\/Ansiedade-2-300x196.webp 300w, https:\/\/mobinc.com.br\/blog\/wp-content\/uploads\/2025\/01\/Ansiedade-2-768x501.webp 768w\" sizes=\"(max-width: 1024px) 100vw, 1024px\" \/><\/h2>\n<h2><strong>Como Lidar com a Ansiedade no Cen\u00e1rio Atual<\/strong><\/h2>\n<p><span style=\"font-weight: 400;\">Diante dessa realidade, \u00e9 essencial discutir formas de enfrentar a ansiedade e reduzir seus impactos. Algumas abordagens incluem:<\/span><\/p>\n<ol>\n<li style=\"font-weight: 400;\" aria-level=\"1\"><strong>Apoio Psicol\u00f3gico<\/strong><span style=\"font-weight: 400;\">:<\/span>\n<ul>\n<li style=\"font-weight: 400;\" aria-level=\"2\"><span style=\"font-weight: 400;\">Facilitar o acesso a terapias e profissionais de sa\u00fade mental \u00e9 uma prioridade.<\/span><\/li>\n<\/ul>\n<\/li>\n<li style=\"font-weight: 400;\" aria-level=\"1\"><strong>Educa\u00e7\u00e3o e Conscientiza\u00e7\u00e3o<\/strong><span style=\"font-weight: 400;\">:<\/span>\n<ul>\n<li style=\"font-weight: 400;\" aria-level=\"2\"><span style=\"font-weight: 400;\">Campanhas p\u00fablicas que desmistifiquem a ansiedade podem ajudar a popula\u00e7\u00e3o a reconhecer sintomas e buscar ajuda.<\/span><\/li>\n<\/ul>\n<\/li>\n<li style=\"font-weight: 400;\" aria-level=\"1\"><strong>Pr\u00e1ticas de Bem-Estar<\/strong><span style=\"font-weight: 400;\">:<\/span>\n<ul>\n<li style=\"font-weight: 400;\" aria-level=\"2\"><span style=\"font-weight: 400;\">Atividades como medita\u00e7\u00e3o, exerc\u00edcios f\u00edsicos e pausas tecnol\u00f3gicas podem auxiliar no gerenciamento do estresse.<\/span><\/li>\n<\/ul>\n<\/li>\n<li style=\"font-weight: 400;\" aria-level=\"1\"><strong>Pol\u00edticas P\u00fablicas de Sa\u00fade Mental<\/strong><span style=\"font-weight: 400;\">:<\/span>\n<ul>\n<li style=\"font-weight: 400;\" aria-level=\"2\"><span style=\"font-weight: 400;\">Investimentos em programas de sa\u00fade p\u00fablica que atendam \u00e0 crescente demanda por suporte psicol\u00f3gico.<\/span><\/li>\n<\/ul>\n<\/li>\n<\/ol>\n<p><span style=\"font-weight: 400;\">A elei\u00e7\u00e3o da <strong>ansiedade<\/strong> como a palavra que define 2024 n\u00e3o \u00e9 apenas um reflexo da realidade emocional dos brasileiros, mas tamb\u00e9m um chamado para a\u00e7\u00f5es concretas. Os dados refor\u00e7am a necessidade de priorizar a sa\u00fade mental em um cen\u00e1rio de incertezas econ\u00f4micas, avan\u00e7os tecnol\u00f3gicos e desafios sociais.<\/span><\/p>\n<p><span style=\"font-weight: 400;\">Por outro lado, a presen\u00e7a de palavras como \u201cresili\u00eancia\u201d e \u201cintelig\u00eancia artificial\u201d no topo da lista destaca que, mesmo em tempos dif\u00edceis, h\u00e1 espa\u00e7o para adapta\u00e7\u00e3o e inova\u00e7\u00e3o. Ao investir em pol\u00edticas p\u00fablicas e iniciativas que promovam o bem-estar, o Brasil pode transformar desafios em oportunidades para construir uma sociedade mais equilibrada e saud\u00e1vel.<\/span><\/p>\n<p><strong>leia tamb\u00e9m: <a href=\"https:\/\/mobinc.com.br\/blog\/comportamento-de-consumo\/\">Comportamento de Consumo: O Que Motiva as Decis\u00f5es de Compra?<\/a><\/strong><\/p>\n","protected":false},"excerpt":{"rendered":"<p>Em um ano marcado por incertezas e desafios, a ansiedade foi eleita a palavra que melhor descreve o sentimento dos brasileiros em 2024. Essa foi a conclus\u00e3o da nona edi\u00e7\u00e3o da pesquisa realizada pela CAUSE, em parceria com o Instituto de Pesquisa IDEIA e o PiniOn app. O termo liderou a vota\u00e7\u00e3o com 22% dos [&hellip;]<\/p>\n","protected":false},"author":3,"featured_media":790,"comment_status":"closed","ping_status":"open","sticky":false,"template":"","format":"standard","meta":{"rank_math_lock_modified_date":false,"footnotes":""},"categories":[1],"tags":[166,167],"class_list":["post-789","post","type-post","status-publish","format-standard","has-post-thumbnail","hentry","category-comportamento-e-consumo","tag-ansiedade","tag-pesquisa-cause"],"_links":{"self":[{"href":"https:\/\/mobinc.com.br\/blog\/wp-json\/wp\/v2\/posts\/789"}],"collection":[{"href":"https:\/\/mobinc.com.br\/blog\/wp-json\/wp\/v2\/posts"}],"about":[{"href":"https:\/\/mobinc.com.br\/blog\/wp-json\/wp\/v2\/types\/post"}],"author":[{"embeddable":true,"href":"https:\/\/mobinc.com.br\/blog\/wp-json\/wp\/v2\/users\/3"}],"replies":[{"embeddable":true,"href":"https:\/\/mobinc.com.br\/blog\/wp-json\/wp\/v2\/comments?post=789"}],"version-history":[{"count":2,"href":"https:\/\/mobinc.com.br\/blog\/wp-json\/wp\/v2\/posts\/789\/revisions"}],"predecessor-version":[{"id":794,"href":"https:\/\/mobinc.com.br\/blog\/wp-json\/wp\/v2\/posts\/789\/revisions\/794"}],"wp:featuredmedia":[{"embeddable":true,"href":"https:\/\/mobinc.com.br\/blog\/wp-json\/wp\/v2\/media\/790"}],"wp:attachment":[{"href":"https:\/\/mobinc.com.br\/blog\/wp-json\/wp\/v2\/media?parent=789"}],"wp:term":[{"taxonomy":"category","embeddable":true,"href":"https:\/\/mobinc.com.br\/blog\/wp-json\/wp\/v2\/categories?post=789"},{"taxonomy":"post_tag","embeddable":true,"href":"https:\/\/mobinc.com.br\/blog\/wp-json\/wp\/v2\/tags?post=789"}],"curies":[{"name":"wp","href":"https:\/\/api.w.org\/{rel}","templated":true}]}}