{"id":795,"date":"2025-01-29T16:07:24","date_gmt":"2025-01-29T19:07:24","guid":{"rendered":"https:\/\/mobinc.com.br\/blog\/?p=795"},"modified":"2025-01-29T16:07:24","modified_gmt":"2025-01-29T19:07:24","slug":"tecnologia-saude-mental","status":"publish","type":"post","link":"https:\/\/mobinc.com.br\/blog\/tecnologia-saude-mental\/","title":{"rendered":"Como o Uso Excessivo de Tecnologia Impacta o Comportamento e a Sa\u00fade Mental"},"content":{"rendered":"<h2><b>O Fen\u00f4meno do &#8220;Brain Rot&#8221; e a Depend\u00eancia Digital<\/b><\/h2>\n<h4><span style=\"font-weight: 400;\">O conceito de <\/span><strong>&#8220;brain rot&#8221;<\/strong><span style=\"font-weight: 400;\"> vem ganhando aten\u00e7\u00e3o nos debates sobre comportamento e consumo, especialmente no contexto atual, em que a tecnologia permeia quase todos os aspectos da vida. A express\u00e3o, usada pela primeira vez por Henry David Thoreau em 1854, descrevia a degrada\u00e7\u00e3o das ideias em favor de uma superficialidade intelectual. Hoje, esse termo ganha uma nova roupagem, conectando-se \u00e0 depend\u00eancia digital e \u00e0 incapacidade de desconectar do mundo virtual.<\/span><\/h4>\n<p><span style=\"font-weight: 400;\">Estudos recentes indicam que o uso excessivo da internet est\u00e1 associado a uma redu\u00e7\u00e3o da massa cinzenta no c\u00e9rebro, particularmente em regi\u00f5es respons\u00e1veis por fun\u00e7\u00f5es cruciais como mem\u00f3ria, controle de impulsos e tomada de decis\u00e3o. Esse impacto n\u00e3o apenas compromete a produtividade, mas tamb\u00e9m afeta a capacidade de intera\u00e7\u00e3o social e regula\u00e7\u00e3o emocional.<\/span><\/p>\n<h2><strong>Como a Ansiedade se Torna o Subproduto da Era Digital<\/strong><\/h2>\n<p><span style=\"font-weight: 400;\">A <\/span><strong>ansiedade<\/strong><span style=\"font-weight: 400;\">, considerada a palavra do ano no Brasil recentemente, \u00e9 um reflexo direto desse desequil\u00edbrio causado pela hiperdigitaliza\u00e7\u00e3o. Com a constante exposi\u00e7\u00e3o a redes sociais, not\u00edcias negativas e a press\u00e3o por produtividade, as pessoas est\u00e3o cada vez mais propensas a experimentar sensa\u00e7\u00f5es de ang\u00fastia e estresse.<\/span><\/p>\n<p><span style=\"font-weight: 400;\">Especialistas recomendam pr\u00e1ticas de <\/span><b>&#8220;<\/b><strong>detox digital<\/strong><b>&#8220;<\/b><span style=\"font-weight: 400;\"> e o estabelecimento de limites claros para o tempo de tela como medidas eficazes para mitigar esses efeitos. Al\u00e9m disso, investir em momentos de intera\u00e7\u00e3o presencial e atividades que promovam mindfulness pode ser um caminho valioso para equilibrar as demandas digitais e a sa\u00fade mental.<\/span><\/p>\n<p><span style=\"font-weight: 400;\">A escolha da palavra &#8220;resili\u00eancia&#8221; ressoa diretamente com a realidade de um mundo que busca encontrar equil\u00edbrio em meio \u00e0 volatilidade. A tecnologia, embora seja um motor de inova\u00e7\u00e3o e progresso, tamb\u00e9m \u00e9 uma fonte de desafios, exigindo uma resili\u00eancia digital para navegar por suas complexidades sem comprometer a sa\u00fade mental e emocional.<\/span><\/p>\n<h2><strong>Tecnologia, Sa\u00fade Mental e o Trabalho<\/strong><\/h2>\n<p><span style=\"font-weight: 400;\">O impacto da tecnologia na sa\u00fade mental n\u00e3o se limita \u00e0 vida pessoal; ele se estende tamb\u00e9m ao ambiente de trabalho. A <\/span><b>&#8220;<\/b><strong>cultura do hustle<\/strong><b>&#8220;<\/b><span style=\"font-weight: 400;\">, alimentada pela conectividade constante, imp\u00f4s uma nova norma: estar sempre dispon\u00edvel. Essa expectativa contribui para o esgotamento, conhecido como burnout, que atinge n\u00edveis alarmantes em diversas profiss\u00f5es.<\/span><\/p>\n<p><span style=\"font-weight: 400;\">De acordo com a Organiza\u00e7\u00e3o Mundial da Sa\u00fade (OMS), o burnout foi oficialmente reconhecido como um fen\u00f4meno ocupacional, refor\u00e7ando a necessidade de limites saud\u00e1veis entre vida pessoal e profissional. Solu\u00e7\u00f5es como a ado\u00e7\u00e3o de tecnologias mais humanizadas e a promo\u00e7\u00e3o de pol\u00edticas de desconex\u00e3o podem ajudar a reverter essa tend\u00eancia.<\/span><\/p>\n<p><img fetchpriority=\"high\" decoding=\"async\" class=\"aligncenter size-full wp-image-798\" src=\"https:\/\/mobinc.com.br\/blog\/wp-content\/uploads\/2025\/01\/Como-o-Uso-Excessivo-de-Tecnologia-Impacta-o-Comportamento-e-a-Saude-Mental.webp\" alt=\"Pessoa no celular na cama. \" width=\"1024\" height=\"683\" srcset=\"https:\/\/mobinc.com.br\/blog\/wp-content\/uploads\/2025\/01\/Como-o-Uso-Excessivo-de-Tecnologia-Impacta-o-Comportamento-e-a-Saude-Mental.webp 1024w, https:\/\/mobinc.com.br\/blog\/wp-content\/uploads\/2025\/01\/Como-o-Uso-Excessivo-de-Tecnologia-Impacta-o-Comportamento-e-a-Saude-Mental-300x200.webp 300w, https:\/\/mobinc.com.br\/blog\/wp-content\/uploads\/2025\/01\/Como-o-Uso-Excessivo-de-Tecnologia-Impacta-o-Comportamento-e-a-Saude-Mental-768x512.webp 768w\" sizes=\"(max-width: 1024px) 100vw, 1024px\" \/><\/p>\n<h2><strong>Ansiedade Clim\u00e1tica: Um Reflexo dos Tempos Modernos<\/strong><\/h2>\n<p><span style=\"font-weight: 400;\">Outro tema que vem ganhando destaque e dialoga com a escolha da palavra &#8220;ansiedade&#8221; no Brasil \u00e9 a <\/span><strong>ansiedade clim\u00e1tica<\/strong><span style=\"font-weight: 400;\">. O aumento das temperaturas globais, as queimadas recordes e os eventos clim\u00e1ticos extremos intensificam o sentimento de impot\u00eancia e preocupa\u00e7\u00e3o com o futuro do planeta. Essa ansiedade n\u00e3o \u00e9 apenas individual; \u00e9 um fen\u00f4meno coletivo, que impacta decis\u00f5es pol\u00edticas, econ\u00f4micas e sociais.<\/span><\/p>\n<p><span style=\"font-weight: 400;\">Organiza\u00e7\u00f5es e marcas est\u00e3o come\u00e7ando a incorporar pr\u00e1ticas mais sustent\u00e1veis para atender a essa demanda crescente por mudan\u00e7as. O consumidor moderno, mais consciente, tamb\u00e9m exige uma postura mais respons\u00e1vel das empresas, o que refor\u00e7a a import\u00e2ncia de compreender as din\u00e2micas de comportamento e consumo relacionadas ao tema.<\/span><\/p>\n<p>&nbsp;<\/p>\n<h2><strong>A Import\u00e2ncia da Consci\u00eancia Digital no Consumo<\/strong><\/h2>\n<p><span style=\"font-weight: 400;\">N\u00e3o podemos ignorar o impacto do <\/span><strong>consumo digital<\/strong><span style=\"font-weight: 400;\"> sobre nossos h\u00e1bitos cotidianos. Plataformas e aplicativos foram desenhados para capturar nossa aten\u00e7\u00e3o continuamente, o que refor\u00e7a a necessidade de uma abordagem mais consciente. Estudos mostram que <\/span><strong>limitar o uso de redes sociais a 30 minutos di\u00e1rios<\/strong><span style=\"font-weight: 400;\"> pode reduzir significativamente os n\u00edveis de ansiedade e melhorar o bem-estar geral.<\/span><\/p>\n<p><span style=\"font-weight: 400;\">Como pesquisadores de comportamento, \u00e9 nosso papel entender as nuances dessas intera\u00e7\u00f5es para propor solu\u00e7\u00f5es que beneficiem tanto consumidores quanto marcas. A ado\u00e7\u00e3o de tecnologias mais saud\u00e1veis e a promo\u00e7\u00e3o de ferramentas que incentivem o uso consciente podem transformar a maneira como vivemos e consumimos no mundo digital.<\/span><\/p>\n<h2><strong>Educa\u00e7\u00e3o e a Era Digital: O Papel da Alfabetiza\u00e7\u00e3o Tecnol\u00f3gica<\/strong><\/h2>\n<p><span style=\"font-weight: 400;\">A alfabetiza\u00e7\u00e3o digital tornou-se uma compet\u00eancia essencial na sociedade contempor\u00e2nea. N\u00e3o se trata apenas de saber operar dispositivos ou aplicativos, mas de compreender os impactos do uso da tecnologia na vida cotidiana. A alfabetiza\u00e7\u00e3o tecnol\u00f3gica inclui habilidades como pensamento cr\u00edtico, gest\u00e3o do tempo online e avalia\u00e7\u00e3o da veracidade de informa\u00e7\u00f5es na internet.<\/span><\/p>\n<p><span style=\"font-weight: 400;\">Escolas e universidades t\u00eam um papel crucial nesse processo. Introduzir disciplinas que abordem a sa\u00fade mental digital e o uso consciente da tecnologia pode preparar as pr\u00f3ximas gera\u00e7\u00f5es para lidar com os desafios de um mundo conectado. Al\u00e9m disso, iniciativas governamentais e empresariais tamb\u00e9m podem contribuir para promover uma educa\u00e7\u00e3o digital mais ampla e inclusiva.<\/span><\/p>\n<h2><strong>A Conex\u00e3o Entre Ansiedade e Cultura de Consumo<\/strong><\/h2>\n<p><span style=\"font-weight: 400;\">Um aspecto que merece aten\u00e7\u00e3o especial \u00e9 como a ansiedade est\u00e1 conectada \u00e0 cultura de consumo. O desejo de atender a expectativas irreais impostas por redes sociais e publicidade cria um ciclo intermin\u00e1vel de insatisfa\u00e7\u00e3o e busca por valida\u00e7\u00e3o externa. Essa din\u00e2mica \u00e9 alimentada por algoritmos que promovem a compara\u00e7\u00e3o constante, resultando em um aumento exponencial nos n\u00edveis de ansiedade.<\/span><\/p>\n<p><img decoding=\"async\" class=\"aligncenter size-full wp-image-800\" src=\"https:\/\/mobinc.com.br\/blog\/wp-content\/uploads\/2025\/01\/Ansiedade-e-cultura-de-consumo.webp\" alt=\"\" width=\"1024\" height=\"681\" srcset=\"https:\/\/mobinc.com.br\/blog\/wp-content\/uploads\/2025\/01\/Ansiedade-e-cultura-de-consumo.webp 1024w, https:\/\/mobinc.com.br\/blog\/wp-content\/uploads\/2025\/01\/Ansiedade-e-cultura-de-consumo-300x200.webp 300w, https:\/\/mobinc.com.br\/blog\/wp-content\/uploads\/2025\/01\/Ansiedade-e-cultura-de-consumo-768x511.webp 768w\" sizes=\"(max-width: 1024px) 100vw, 1024px\" \/><\/p>\n<p><span style=\"font-weight: 400;\">Para os consumidores, reconhecer esses gatilhos e buscar um consumo mais consciente pode trazer al\u00edvio emocional. Para as marcas, a responsabilidade est\u00e1 em criar campanhas mais aut\u00eanticas e alinhadas com os valores reais dos consumidores, promovendo um consumo sustent\u00e1vel e respons\u00e1vel.<\/span><\/p>\n<h2><strong>Estrat\u00e9gias para Navegar na Era Digital<\/strong><\/h2>\n<p><span style=\"font-weight: 400;\">Diante desse cen\u00e1rio, quais estrat\u00e9gias podem ser adotadas para equilibrar a rela\u00e7\u00e3o com a tecnologia? Aqui est\u00e3o algumas pr\u00e1ticas recomendadas:<\/span><\/p>\n<ol>\n<li style=\"font-weight: 400;\" aria-level=\"1\"><strong>Desconex\u00e3o Programada:<\/strong><span style=\"font-weight: 400;\"> Estabele\u00e7a hor\u00e1rios di\u00e1rios para ficar offline e priorizar atividades que n\u00e3o envolvam telas.<\/span><\/li>\n<li style=\"font-weight: 400;\" aria-level=\"1\"><strong>Consumo Consciente de M\u00eddia<\/strong><b>:<\/b><span style=\"font-weight: 400;\"> Avalie criticamente as informa\u00e7\u00f5es que consome e limite sua exposi\u00e7\u00e3o a conte\u00fados que causam estresse ou ansiedade.<\/span><\/li>\n<li style=\"font-weight: 400;\" aria-level=\"1\"><strong>Priorize o Sono<\/strong><b>:<\/b><span style=\"font-weight: 400;\"> O uso excessivo de dispositivos antes de dormir afeta diretamente a qualidade do sono. Desconectar pelo menos uma hora antes de dormir pode fazer uma grande diferen\u00e7a.<\/span><\/li>\n<li style=\"font-weight: 400;\" aria-level=\"1\"><strong>Eduque-se<\/strong><b>:<\/b><span style=\"font-weight: 400;\"> Invista em sua alfabetiza\u00e7\u00e3o digital para entender melhor como as plataformas funcionam e como elas impactam seu comportamento.<\/span><\/li>\n<\/ol>\n<h2><strong>O Papel da Inova\u00e7\u00e3o Tecnol\u00f3gica na Sa\u00fade Mental<\/strong><\/h2>\n<p><span style=\"font-weight: 400;\">Embora a tecnologia seja frequentemente vista como um fator que agrava a ansiedade, ela tamb\u00e9m pode oferecer solu\u00e7\u00f5es. Aplicativos de medita\u00e7\u00e3o, plataformas de teleterapia e dispositivos que monitoram a sa\u00fade mental est\u00e3o transformando a forma como cuidamos de nosso bem-estar emocional.<\/span><\/p>\n<p><span style=\"font-weight: 400;\">Empresas de tecnologia t\u00eam a oportunidade de liderar essa mudan\u00e7a ao desenvolver produtos que promovam uma rela\u00e7\u00e3o mais saud\u00e1vel com o digital. A inova\u00e7\u00e3o, quando orientada por valores \u00e9ticos, pode ser uma aliada poderosa na promo\u00e7\u00e3o de uma sociedade mais equilibrada.<\/span><\/p>\n<h2><b>Conclus\u00e3o: Um Chamado \u00e0 Reflex\u00e3o e A\u00e7\u00e3o<\/b><\/h2>\n<p><span style=\"font-weight: 400;\">O desafio de equilibrar a vida digital e a sa\u00fade mental exige uma abordagem multidisciplinar. Se quisermos evitar os efeitos devastadores do <\/span><b>&#8220;brain rot&#8221;<\/b><span style=\"font-weight: 400;\"> e da ansiedade, \u00e9 essencial adotar estrat\u00e9gias que promovam o uso consciente da tecnologia.<\/span><\/p>\n<p><span style=\"font-weight: 400;\">As escolhas das palavras do ano, tanto no Brasil quanto no mundo, nos convidam a refletir sobre como estamos vivendo e lidando com as press\u00f5es contempor\u00e2neas. &#8220;Ansiedade&#8221; e &#8220;resili\u00eancia&#8221; s\u00e3o dois lados de uma mesma moeda, representando os desafios e as oportunidades de crescer em tempos de incerteza.<\/span><\/p>\n<p><span style=\"font-weight: 400;\">Como voc\u00ea tem gerenciado sua rela\u00e7\u00e3o com o mundo digital e os desafios da vida moderna?<\/span><\/p>\n","protected":false},"excerpt":{"rendered":"<p>O Fen\u00f4meno do &#8220;Brain Rot&#8221; e a Depend\u00eancia Digital O conceito de &#8220;brain rot&#8221; vem ganhando aten\u00e7\u00e3o nos debates sobre comportamento e consumo, especialmente no contexto atual, em que a tecnologia permeia quase todos os aspectos da vida. A express\u00e3o, usada pela primeira vez por Henry David Thoreau em 1854, descrevia a degrada\u00e7\u00e3o das ideias [&hellip;]<\/p>\n","protected":false},"author":3,"featured_media":799,"comment_status":"closed","ping_status":"open","sticky":false,"template":"","format":"standard","meta":{"rank_math_lock_modified_date":false,"footnotes":""},"categories":[1],"tags":[169,168,170],"class_list":["post-795","post","type-post","status-publish","format-standard","has-post-thumbnail","hentry","category-comportamento-e-consumo","tag-ansiedade-climatica","tag-brain-hot","tag-brain-rot"],"_links":{"self":[{"href":"https:\/\/mobinc.com.br\/blog\/wp-json\/wp\/v2\/posts\/795"}],"collection":[{"href":"https:\/\/mobinc.com.br\/blog\/wp-json\/wp\/v2\/posts"}],"about":[{"href":"https:\/\/mobinc.com.br\/blog\/wp-json\/wp\/v2\/types\/post"}],"author":[{"embeddable":true,"href":"https:\/\/mobinc.com.br\/blog\/wp-json\/wp\/v2\/users\/3"}],"replies":[{"embeddable":true,"href":"https:\/\/mobinc.com.br\/blog\/wp-json\/wp\/v2\/comments?post=795"}],"version-history":[{"count":4,"href":"https:\/\/mobinc.com.br\/blog\/wp-json\/wp\/v2\/posts\/795\/revisions"}],"predecessor-version":[{"id":802,"href":"https:\/\/mobinc.com.br\/blog\/wp-json\/wp\/v2\/posts\/795\/revisions\/802"}],"wp:featuredmedia":[{"embeddable":true,"href":"https:\/\/mobinc.com.br\/blog\/wp-json\/wp\/v2\/media\/799"}],"wp:attachment":[{"href":"https:\/\/mobinc.com.br\/blog\/wp-json\/wp\/v2\/media?parent=795"}],"wp:term":[{"taxonomy":"category","embeddable":true,"href":"https:\/\/mobinc.com.br\/blog\/wp-json\/wp\/v2\/categories?post=795"},{"taxonomy":"post_tag","embeddable":true,"href":"https:\/\/mobinc.com.br\/blog\/wp-json\/wp\/v2\/tags?post=795"}],"curies":[{"name":"wp","href":"https:\/\/api.w.org\/{rel}","templated":true}]}}